{"id":66,"date":"2019-10-14T09:42:28","date_gmt":"2019-10-14T08:42:28","guid":{"rendered":"http:\/\/desmotspourguerir.com\/?p=66"},"modified":"2022-02-23T11:36:35","modified_gmt":"2022-02-23T10:36:35","slug":"ne-pas-sidentifier-a-sa-depression","status":"publish","type":"post","link":"https:\/\/helenadahl.eu\/index.php\/2019\/10\/14\/ne-pas-sidentifier-a-sa-depression\/","title":{"rendered":"Si je suis malade, je ne suis pas ma maladie"},"content":{"rendered":"\t\t<div data-elementor-type=\"wp-post\" data-elementor-id=\"66\" class=\"elementor elementor-66\">\n\t\t\t\t\t\t<div class=\"elementor-inner\">\n\t\t\t\t<div class=\"elementor-section-wrap\">\n\t\t\t\t\t\t\t\t\t<section class=\"elementor-section elementor-top-section elementor-element elementor-element-be0928b elementor-section-boxed elementor-section-height-default elementor-section-height-default parallax_section_no qode_elementor_container_no\" data-id=\"be0928b\" data-element_type=\"section\">\n\t\t\t\t\t\t<div class=\"elementor-container elementor-column-gap-default\">\n\t\t\t\t\t\t\t<div class=\"elementor-row\">\n\t\t\t\t\t<div class=\"elementor-column elementor-col-100 elementor-top-column elementor-element elementor-element-6821fe4\" data-id=\"6821fe4\" data-element_type=\"column\">\n\t\t\t<div class=\"elementor-column-wrap elementor-element-populated\">\n\t\t\t\t\t\t\t<div class=\"elementor-widget-wrap\">\n\t\t\t\t\t\t<div class=\"elementor-element elementor-element-f305c6d elementor-widget elementor-widget-bridge_button\" data-id=\"f305c6d\" data-element_type=\"widget\" data-widget_type=\"bridge_button.default\">\n\t\t\t\t<div class=\"elementor-widget-container\">\n\t\t\t<a  itemprop=\"url\" href=\"http:\/\/helenadahl.eu\/index.php\/le-chemin-de-guerison\/\" target=\"_self\"  class=\"qbutton  default  qode-button-shadow\" style=\"\">Revenir \u00e0 la page \"Le chemin de gu\u00e9rison\"<\/a>\t\t<\/div>\n\t\t\t\t<\/div>\n\t\t\t\t\t\t<\/div>\n\t\t\t\t\t<\/div>\n\t\t<\/div>\n\t\t\t\t\t\t\t\t<\/div>\n\t\t\t\t\t<\/div>\n\t\t<\/section>\n\t\t\t\t<section class=\"elementor-section elementor-top-section elementor-element elementor-element-5bcf058 elementor-section-boxed elementor-section-height-default elementor-section-height-default parallax_section_no qode_elementor_container_no\" data-id=\"5bcf058\" data-element_type=\"section\">\n\t\t\t\t\t\t<div class=\"elementor-container elementor-column-gap-default\">\n\t\t\t\t\t\t\t<div class=\"elementor-row\">\n\t\t\t\t\t<div class=\"elementor-column elementor-col-100 elementor-top-column elementor-element elementor-element-e941528\" data-id=\"e941528\" data-element_type=\"column\">\n\t\t\t<div class=\"elementor-column-wrap elementor-element-populated\">\n\t\t\t\t\t\t\t<div class=\"elementor-widget-wrap\">\n\t\t\t\t\t\t<div class=\"elementor-element elementor-element-d9394ed elementor-widget elementor-widget-image\" data-id=\"d9394ed\" data-element_type=\"widget\" data-widget_type=\"image.default\">\n\t\t\t\t<div class=\"elementor-widget-container\">\n\t\t\t\t\t\t\t\t<div class=\"elementor-image\">\n\t\t\t\t\t\t\t\t\t\t\t\t<img loading=\"lazy\" decoding=\"async\" width=\"570\" height=\"570\" src=\"https:\/\/helenadahl.eu\/wp-content\/uploads\/2019\/10\/file-5-570x570.jpeg\" class=\"attachment-portfolio-square size-portfolio-square wp-image-67\" alt=\"ne pas s&#039;identifier \u00e0 sa d\u00e9pression\" srcset=\"https:\/\/helenadahl.eu\/wp-content\/uploads\/2019\/10\/file-5-570x570.jpeg 570w, https:\/\/helenadahl.eu\/wp-content\/uploads\/2019\/10\/file-5-150x150.jpeg 150w, https:\/\/helenadahl.eu\/wp-content\/uploads\/2019\/10\/file-5-500x500.jpeg 500w, https:\/\/helenadahl.eu\/wp-content\/uploads\/2019\/10\/file-5-1000x1000.jpeg 1000w\" sizes=\"auto, (max-width: 570px) 100vw, 570px\" \/>\t\t\t\t\t\t\t\t\t\t\t\t\t\t<\/div>\n\t\t\t\t\t\t<\/div>\n\t\t\t\t<\/div>\n\t\t\t\t\t\t<\/div>\n\t\t\t\t\t<\/div>\n\t\t<\/div>\n\t\t\t\t\t\t\t\t<\/div>\n\t\t\t\t\t<\/div>\n\t\t<\/section>\n\t\t\t\t<section class=\"elementor-section elementor-top-section elementor-element elementor-element-d0d15e0 elementor-section-boxed elementor-section-height-default elementor-section-height-default parallax_section_no qode_elementor_container_no\" data-id=\"d0d15e0\" data-element_type=\"section\">\n\t\t\t\t\t\t<div class=\"elementor-container elementor-column-gap-default\">\n\t\t\t\t\t\t\t<div class=\"elementor-row\">\n\t\t\t\t\t<div class=\"elementor-column elementor-col-100 elementor-top-column elementor-element elementor-element-4f831e9\" data-id=\"4f831e9\" data-element_type=\"column\">\n\t\t\t<div class=\"elementor-column-wrap elementor-element-populated\">\n\t\t\t\t\t\t\t<div class=\"elementor-widget-wrap\">\n\t\t\t\t\t\t<div class=\"elementor-element elementor-element-b5a5185 elementor-widget elementor-widget-spacer\" data-id=\"b5a5185\" data-element_type=\"widget\" data-widget_type=\"spacer.default\">\n\t\t\t\t<div class=\"elementor-widget-container\">\n\t\t\t\t\t<div class=\"elementor-spacer\">\n\t\t\t<div class=\"elementor-spacer-inner\"><\/div>\n\t\t<\/div>\n\t\t\t\t<\/div>\n\t\t\t\t<\/div>\n\t\t\t\t\t\t<\/div>\n\t\t\t\t\t<\/div>\n\t\t<\/div>\n\t\t\t\t\t\t\t\t<\/div>\n\t\t\t\t\t<\/div>\n\t\t<\/section>\n\t\t\t\t<section class=\"elementor-section elementor-top-section elementor-element elementor-element-6e058fbd elementor-section-boxed elementor-section-height-default elementor-section-height-default parallax_section_no qode_elementor_container_no\" data-id=\"6e058fbd\" data-element_type=\"section\">\n\t\t\t\t\t\t<div class=\"elementor-container elementor-column-gap-default\">\n\t\t\t\t\t\t\t<div class=\"elementor-row\">\n\t\t\t\t\t<div class=\"elementor-column elementor-col-100 elementor-top-column elementor-element elementor-element-64bc5358\" data-id=\"64bc5358\" data-element_type=\"column\">\n\t\t\t<div class=\"elementor-column-wrap elementor-element-populated\">\n\t\t\t\t\t\t\t<div class=\"elementor-widget-wrap\">\n\t\t\t\t\t\t<div class=\"elementor-element elementor-element-dd0ae1b elementor-widget elementor-widget-text-editor\" data-id=\"dd0ae1b\" data-element_type=\"widget\" data-widget_type=\"text-editor.default\">\n\t\t\t\t<div class=\"elementor-widget-container\">\n\t\t\t\t\t\t\t\t<div class=\"elementor-text-editor elementor-clearfix\">\n\t\t\t\t<p><!-- wp:paragraph {\"textColor\":\"black\",\"style\":{\"color\":{\"background\":\"#faf2ef\"}}} --><\/p>\n<p class=\"has-black-color has-text-color has-background\" style=\"background-color: #faf2ef;\">Il est tr\u00e8s difficile de ne pas s&rsquo;identifier \u00e0 sa d\u00e9pression. Pour sortir de ce cercle vicieux, il faut comprendre qu&rsquo;il s&rsquo;agit d&rsquo;une maladie et que personne n&rsquo;est sa maladie.<\/p>\n<p><!-- \/wp:paragraph --><!-- wp:heading --><\/p>\n<h2>\u00a0<\/h2>\n<h2><strong><span style=\"color: #4f8894;\">S&rsquo;identifier \u00e0 la d\u00e9pression<\/span><\/strong><\/h2>\n<p>\u00a0<\/p>\n<p><!-- \/wp:heading --><!-- wp:paragraph --><\/p>\n<p><strong>Floril\u00e8ge du magma de pens\u00e9es qui avaient pris leurs aises dans ma t\u00eate :<\/strong><\/p>\n<p><!-- \/wp:paragraph --><!-- wp:paragraph --><\/p>\n<p>Tu es nulle.<\/p>\n<p><!-- \/wp:paragraph --><!-- wp:paragraph --><\/p>\n<p>Tu ne vaux rien.<\/p>\n<p><!-- \/wp:paragraph --><!-- wp:paragraph --><\/p>\n<p>Tout est ta faute.<\/p>\n<p><!-- \/wp:paragraph --><!-- wp:paragraph --><\/p>\n<p>Tu es stupide ; pour preuve, tu n\u2019arrives plus \u00e0 lire et au travail, tu \u00e9tais devenue si lente.<\/p>\n<p><!-- \/wp:paragraph --><!-- wp:paragraph --><\/p>\n<p>Tu repr\u00e9sentes un fardeau pour les autres, surtout pour ton \u00e9poux et ta fille, qui te supportent au quotidien.<\/p>\n<p><!-- \/wp:paragraph --><!-- wp:paragraph --><\/p>\n<p>Tu n\u2019es pas int\u00e9ressante.<\/p>\n<p><!-- \/wp:paragraph --><!-- wp:paragraph --><\/p>\n<p>Tu ne vas rien faire de ta vie.<\/p>\n<p><!-- \/wp:paragraph --><!-- wp:paragraph --><\/p>\n<p>Tu es laide.<\/p>\n<p><!-- \/wp:paragraph --><!-- wp:paragraph --><\/p>\n<p>Et j\u2019en passe.<\/p>\n<p>\u00a0<\/p>\n<p><!-- \/wp:paragraph --><!-- wp:paragraph --><\/p>\n<p><!-- \/wp:paragraph --><!-- wp:paragraph --><\/p>\n<p>Je m\u2019\u00e9tais laiss\u00e9e envahir, \u00e0 tel point que je me suis confondue en elles. Face \u00e0 mon <strong>impuissance <\/strong>et ma <strong>cr\u00e9dulit\u00e9<\/strong> maladive, elles s\u2019en donnaient \u00e0 c\u0153ur joie.<\/p>\n<p>\u00a0<\/p>\n<p><!-- \/wp:paragraph --><!-- wp:heading --><\/p>\n<h2><strong><span style=\"color: #4f8894;\">D\u00e9tricoter les constructions mentales<\/span><\/strong><\/h2>\n<p>\u00a0<\/p>\n<p><!-- \/wp:heading --><!-- wp:paragraph --><\/p>\n<p>Tout \u00e9tait \u00e0 reconstruire. \u00c0 force de reposer invariablement sur des \u00eatres ext\u00e9rieurs (ma s\u0153ur, mes parents, mes amis, mon \u00e9poux, ma fille), mon logiciel d\u2019identit\u00e9 extr\u00eamement fragile s\u2019\u00e9tait mis \u00e0 d\u00e9railler.<\/p>\n<p><!-- \/wp:paragraph --><!-- wp:paragraph --><\/p>\n<p>Recluse dans ma bulle, j\u2019ai avanc\u00e9 \u00e0 t\u00e2tons, dans l\u2019attente de pouvoir respirer de nouveau \u00e0 pleins poumons, tout en sachant pertinemment que, le moment venu, il me faudrait tout red\u00e9couvrir.<\/p>\n<p><!-- \/wp:paragraph --><!-- wp:paragraph --><\/p>\n<p>Pour m\u2019accompagner dans cette qu\u00eate identitaire, j\u2019ai la chance de b\u00e9n\u00e9ficier du soutien d\u2019une <strong>psychologue<\/strong> exceptionnelle. Ensemble, nous avons travaill\u00e9 \u00e0 ext\u00e9rioriser les \u00e9motions li\u00e9es \u00e0 mon pass\u00e9 qui sommeillaient dans mon corps et mon inconscient. Nous avons d\u00e9nou\u00e9 une \u00e0 une les mailles entrem\u00eal\u00e9es qui m\u2019avaient coup\u00e9 toute envie de porter mon tricot, encombrant et inconfortable. Gr\u00e2ce \u00e0 elle, j&rsquo;ai compris qu&rsquo;il fallait cesser de s&rsquo;identifier avec la d\u00e9pression pour m\u2019accepter comme <strong>un \u00eatre \u00e0 part enti\u00e8re aux prises avec une maladie<\/strong>.<\/p>\n<p><!-- \/wp:paragraph --><!-- wp:paragraph --><\/p>\n<p>Tout au long de ce temps d\u2019introspection (et encore maintenant), mon mental muscl\u00e9 comme un dieu grec s\u2019est appliqu\u00e9 \u00e0 d\u00e9tricoter les constructions mentales qui me minaient, \u00e0 travers une confrontation de longue haleine avec le r\u00e9el.<\/p>\n<p><!-- \/wp:paragraph --><!-- wp:paragraph --><\/p>\n<p><!-- \/wp:paragraph --><!-- wp:heading --><\/p>\n<h2>\u00a0<\/h2>\n<h2><strong><span style=\"color: #4f8894;\">Exemple d&rsquo;exercice pratique en deux temps<\/span><\/strong><\/h2>\n<p><!-- \/wp:heading --><!-- wp:paragraph --><\/p>\n<p>\u00a0<\/p>\n<p><span style=\"text-decoration: underline;\">Acte I<\/span><\/p>\n<p><!-- \/wp:paragraph --><!-- wp:paragraph --><\/p>\n<p><strong>L\u2019attaque : <\/strong>tu es lente. Tu n\u2019arrives plus \u00e0 lire, c\u2019est path\u00e9tique. Grosse nulle !<\/p>\n<p><!-- \/wp:paragraph --><!-- wp:paragraph --><\/p>\n<p><strong>La d\u00e9fense limit\u00e9e :<\/strong> je suis lente parce que je suis malade (\u00e0 proscrire car, encore une fois, se r\u00e9duire \u00e0 la maladie n\u2019avance \u00e0 rien).<\/p>\n<p><!-- \/wp:paragraph --><!-- wp:paragraph --><\/p>\n<p><strong>La contre-attaque qui faisait ses preuves :<\/strong> m\u00eame si tu as toujours du mal \u00e0 le dire tout haut, tu as re\u00e7u beaucoup de louanges sur ton intelligence avant de tomber malade. Accepte-les, crois en elles, arr\u00eate de te rabaisser car tu as le droit, comme tout le monde, \u00e0 des qualit\u00e9s. Si tu \u00e9tais capable de bien travailler, tu y arriveras \u00e0 nouveau.<\/p>\n<p><!-- \/wp:paragraph --><!-- wp:paragraph --><\/p>\n<p><!-- \/wp:paragraph --><!-- wp:paragraph --><\/p>\n<p>\u00a0<\/p>\n<p><span style=\"text-decoration: underline;\">Acte II (quelques mois plus tard)<\/span><\/p>\n<p><!-- \/wp:paragraph --><!-- wp:paragraph --><\/p>\n<p><strong>L\u2019encouragement<\/strong> : tu as r\u00e9ussi \u00e0 finir un roman, bravo ! Tu peines encore \u00e0 maintenir ta concentration devant des \u00e9crits de journaux ou de magazines, mais ne d\u00e9sesp\u00e8re pas, tu y arriveras. Continue comme \u00e7a, et tu r\u00e9colteras les fruits de tes efforts !<\/p>\n<p><!-- \/wp:paragraph --><!-- wp:paragraph --><\/p>\n<p><strong>L\u2019annihilation :<\/strong> ne te r\u00e9jouis pas trop vite, tu as eu du mal \u00e0 le finir ce roman. Et puis, la litt\u00e9rature, ce n\u2019est pas du s\u00e9rieux !<\/p>\n<p><!-- \/wp:paragraph --><!-- wp:paragraph --><\/p>\n<p><strong>L\u2019encouragement :<\/strong> cesse d\u2019\u00e9couter ces horreurs. Elles ne sont que du vent. Toi, tu es, tu vaux quelque chose, tu as le droit de prendre ta place et de t\u2019affirmer. Tu ne comptes pas pour du beurre.<\/p>\n<p><!-- \/wp:paragraph --><!-- wp:paragraph --><\/p>\n<p><strong>Moi (requinqu\u00e9e) :<\/strong> je continue, contre vents et mar\u00e9es !<\/p>\n<p><!-- \/wp:paragraph --><!-- wp:paragraph --><\/p>\n<p><strong>(\u00e0 l\u2019annihilation)<\/strong> rira bien qui rira le dernier.<\/p>\n<p><!-- \/wp:paragraph --><!-- wp:paragraph --><\/p>\n<p><!-- \/wp:paragraph --><!-- wp:paragraph --><\/p>\n<p><!-- \/wp:paragraph --><!-- wp:paragraph --><\/p>\n<p>\u00a0<\/p>\n<p>C\u2019est cette foi en la vie et en l\u2019amour qui m\u2019a interdit d\u2019abandonner. Elle ne cessait de me rappeler que, si je piochais un chocolat \u00e0 la liqueur dont je ne supporte pas la saveur, je parviendrai bien ensuite \u00e0 d\u00e9crocher un pralin\u00e9. La d\u00e9pression est faite de hauts et de bas. Comme la vie ; seulement de fa\u00e7on plus intense.<\/p>\n<p>\u00a0<\/p>\n<p><!-- \/wp:paragraph --><\/p>\t\t\t\t\t<\/div>\n\t\t\t\t\t\t<\/div>\n\t\t\t\t<\/div>\n\t\t\t\t\t\t<\/div>\n\t\t\t\t\t<\/div>\n\t\t<\/div>\n\t\t\t\t\t\t\t\t<\/div>\n\t\t\t\t\t<\/div>\n\t\t<\/section>\n\t\t\t\t<section class=\"elementor-section elementor-top-section elementor-element elementor-element-537a60d elementor-section-boxed elementor-section-height-default elementor-section-height-default parallax_section_no qode_elementor_container_no\" data-id=\"537a60d\" data-element_type=\"section\">\n\t\t\t\t\t\t<div class=\"elementor-container elementor-column-gap-default\">\n\t\t\t\t\t\t\t<div class=\"elementor-row\">\n\t\t\t\t\t<div class=\"elementor-column elementor-col-100 elementor-top-column elementor-element elementor-element-805ad12\" data-id=\"805ad12\" data-element_type=\"column\">\n\t\t\t<div class=\"elementor-column-wrap elementor-element-populated\">\n\t\t\t\t\t\t\t<div class=\"elementor-widget-wrap\">\n\t\t\t\t\t\t<div class=\"elementor-element elementor-element-d7a8b22 elementor-widget elementor-widget-bridge_button\" data-id=\"d7a8b22\" data-element_type=\"widget\" data-widget_type=\"bridge_button.default\">\n\t\t\t\t<div class=\"elementor-widget-container\">\n\t\t\t<a  itemprop=\"url\" href=\"http:\/\/helenadahl.eu\/index.php\/le-chemin-de-guerison\/\" target=\"_self\"  class=\"qbutton  default  qode-button-shadow\" style=\"\">Revenir \u00e0 la page \"Le chemin de gu\u00e9rison\"<\/a>\t\t<\/div>\n\t\t\t\t<\/div>\n\t\t\t\t\t\t<\/div>\n\t\t\t\t\t<\/div>\n\t\t<\/div>\n\t\t\t\t\t\t\t\t<\/div>\n\t\t\t\t\t<\/div>\n\t\t<\/section>\n\t\t\t\t<section class=\"elementor-section elementor-top-section elementor-element elementor-element-8cce34f elementor-section-boxed elementor-section-height-default elementor-section-height-default parallax_section_no qode_elementor_container_no\" data-id=\"8cce34f\" data-element_type=\"section\">\n\t\t\t\t\t\t<div class=\"elementor-container elementor-column-gap-default\">\n\t\t\t\t\t\t\t<div class=\"elementor-row\">\n\t\t\t\t\t<div class=\"elementor-column elementor-col-100 elementor-top-column elementor-element elementor-element-251e365\" data-id=\"251e365\" data-element_type=\"column\">\n\t\t\t<div class=\"elementor-column-wrap elementor-element-populated\">\n\t\t\t\t\t\t\t<div class=\"elementor-widget-wrap\">\n\t\t\t\t\t\t<div class=\"elementor-element elementor-element-1bde6d6 elementor-widget elementor-widget-spacer\" data-id=\"1bde6d6\" data-element_type=\"widget\" data-widget_type=\"spacer.default\">\n\t\t\t\t<div class=\"elementor-widget-container\">\n\t\t\t\t\t<div class=\"elementor-spacer\">\n\t\t\t<div class=\"elementor-spacer-inner\"><\/div>\n\t\t<\/div>\n\t\t\t\t<\/div>\n\t\t\t\t<\/div>\n\t\t\t\t\t\t<\/div>\n\t\t\t\t\t<\/div>\n\t\t<\/div>\n\t\t\t\t\t\t\t\t<\/div>\n\t\t\t\t\t<\/div>\n\t\t<\/section>\n\t\t\t\t<section class=\"elementor-section elementor-top-section elementor-element elementor-element-28e30b3 elementor-section-boxed elementor-section-height-default elementor-section-height-default parallax_section_no qode_elementor_container_no\" data-id=\"28e30b3\" data-element_type=\"section\">\n\t\t\t\t\t\t<div class=\"elementor-container elementor-column-gap-default\">\n\t\t\t\t\t\t\t<div class=\"elementor-row\">\n\t\t\t\t\t<div class=\"elementor-column elementor-col-100 elementor-top-column elementor-element elementor-element-1833311\" data-id=\"1833311\" data-element_type=\"column\" data-settings=\"{&quot;background_background&quot;:&quot;classic&quot;}\">\n\t\t\t<div class=\"elementor-column-wrap elementor-element-populated\">\n\t\t\t\t\t\t\t<div class=\"elementor-widget-wrap\">\n\t\t\t\t\t\t<div class=\"elementor-element elementor-element-5265b8c elementor-widget elementor-widget-text-editor\" data-id=\"5265b8c\" data-element_type=\"widget\" data-widget_type=\"text-editor.default\">\n\t\t\t\t<div class=\"elementor-widget-container\">\n\t\t\t\t\t\t\t\t<div class=\"elementor-text-editor elementor-clearfix\">\n\t\t\t\t<p><img loading=\"lazy\" decoding=\"async\" class=\"alignleft wp-image-1344\" src=\"http:\/\/helenadahl.eu\/wp-content\/uploads\/2020\/10\/Design-Auteur-Bleu-300x300.jpg\" alt=\"\" width=\"174\" height=\"174\" srcset=\"https:\/\/helenadahl.eu\/wp-content\/uploads\/2020\/10\/Design-Auteur-Bleu-300x300.jpg 300w, https:\/\/helenadahl.eu\/wp-content\/uploads\/2020\/10\/Design-Auteur-Bleu-150x150.jpg 150w, https:\/\/helenadahl.eu\/wp-content\/uploads\/2020\/10\/Design-Auteur-Bleu.jpg 500w\" sizes=\"auto, (max-width: 174px) 100vw, 174px\" \/><\/p>\n<h3><strong>H\u00e9l\u00e9na DAHL<\/strong><\/h3>\n<p>Fran\u00e7aise r\u00e9sidant \u00e0 Bruxelles, \u00e2g\u00e9e de trente-trois ans, j\u2019ai commenc\u00e9 ma carri\u00e8re en tant qu\u2019assistante parlementaire au Parlement europ\u00e9en. Anim\u00e9e par ma passion des mots, j&rsquo;ai choisi de me lancer avec joie dans une aventure litt\u00e9raire. En effet, \u00e9crire a toujours fait partie de moi, et ce d\u00e8s le plus jeune \u00e2ge. Mon premier roman, <em>La nuit s\u2019\u00e9veille et tout s\u2019\u00e9claire<\/em>, est une \u0153uvre de fiction bas\u00e9e sur mon r\u00e9cit de vie. Mon deuxi\u00e8me roman, <em>Un homme vrai<\/em>, raconte l&rsquo;histoire d&rsquo;un homme face \u00e0 la d\u00e9pression.<\/p>\t\t\t\t\t<\/div>\n\t\t\t\t\t\t<\/div>\n\t\t\t\t<\/div>\n\t\t\t\t<div class=\"elementor-element elementor-element-941125b elementor-widget elementor-widget-bridge_button\" data-id=\"941125b\" data-element_type=\"widget\" data-widget_type=\"bridge_button.default\">\n\t\t\t\t<div class=\"elementor-widget-container\">\n\t\t\t<a  itemprop=\"url\" href=\"https:\/\/www.le-lion-zaile.com\/en\/accueil\/55-la-nuit-s-eveille-et-tout-s-eclaire-9782960250947.html\" target=\"_self\"  class=\"qbutton  default  qode-button-shadow\" style=\"\">La nuit s'\u00e9veille et tout s'\u00e9claire<i class=\"qode_icon_font_awesome_5 fa5 fa fa-book-open qode_button_icon_element\" style=\"\" ><\/i><\/a>\t\t<\/div>\n\t\t\t\t<\/div>\n\t\t\t\t\t\t<\/div>\n\t\t\t\t\t<\/div>\n\t\t<\/div>\n\t\t\t\t\t\t\t\t<\/div>\n\t\t\t\t\t<\/div>\n\t\t<\/section>\n\t\t\t\t\t\t\t\t\t<\/div>\n\t\t\t<\/div>\n\t\t\t\t\t<\/div>\n\t\t","protected":false},"excerpt":{"rendered":"<p>Revenir \u00e0 la page \u00ab\u00a0Le chemin de gu\u00e9rison\u00a0\u00bb Il est tr\u00e8s difficile de ne pas s&rsquo;identifier \u00e0 sa d\u00e9pression. Pour sortir de ce cercle vicieux, il faut comprendre qu&rsquo;il s&rsquo;agit d&rsquo;une maladie et que personne&#8230;<\/p>\n","protected":false},"author":1,"featured_media":67,"comment_status":"open","ping_status":"open","sticky":false,"template":"elementor_canvas","format":"standard","meta":{"_jetpack_memberships_contains_paid_content":false,"footnotes":""},"categories":[192],"tags":[200,202,203,205],"class_list":["post-66","post","type-post","status-publish","format-standard","has-post-thumbnail","hentry","category-le-chemin-de-guerison","tag-depression","tag-guerison","tag-resilience","tag-therapie"],"yoast_head":"<!-- This site is optimized with the Yoast SEO plugin v20.0 - https:\/\/yoast.com\/wordpress\/plugins\/seo\/ -->\n<title>Ne pas s&#039;identifier \u00e0 sa d\u00e9pression - Des Mots pour gu\u00e9rir - H\u00e9l\u00e9na DAHL<\/title>\n<meta name=\"description\" content=\"Il est tr\u00e8s difficile de ne pas s&#039;identifier \u00e0 sa d\u00e9pression. Il faut comprendre qu&#039;il s&#039;agit d&#039;une maladie et que personne n&#039;est sa maladie.\" \/>\n<meta name=\"robots\" content=\"index, follow, max-snippet:-1, max-image-preview:large, max-video-preview:-1\" \/>\n<link rel=\"canonical\" href=\"https:\/\/helenadahl.eu\/index.php\/2019\/10\/14\/ne-pas-sidentifier-a-sa-depression\/\" \/>\n<meta property=\"og:locale\" content=\"fr_FR\" \/>\n<meta property=\"og:type\" content=\"article\" \/>\n<meta property=\"og:title\" content=\"Ne pas s&#039;identifier \u00e0 sa d\u00e9pression - Des Mots pour gu\u00e9rir - H\u00e9l\u00e9na DAHL\" \/>\n<meta property=\"og:description\" content=\"Il est tr\u00e8s difficile de ne pas s&#039;identifier \u00e0 sa d\u00e9pression. Il faut comprendre qu&#039;il s&#039;agit d&#039;une maladie et que personne n&#039;est sa maladie.\" \/>\n<meta property=\"og:url\" content=\"https:\/\/helenadahl.eu\/index.php\/2019\/10\/14\/ne-pas-sidentifier-a-sa-depression\/\" \/>\n<meta property=\"og:site_name\" content=\"H\u00e9l\u00e9na DAHL\" \/>\n<meta property=\"article:published_time\" content=\"2019-10-14T08:42:28+00:00\" \/>\n<meta property=\"article:modified_time\" content=\"2022-02-23T10:36:35+00:00\" \/>\n<meta property=\"og:image\" content=\"https:\/\/helenadahl.eu\/wp-content\/uploads\/2019\/10\/file-5.jpeg\" \/>\n\t<meta property=\"og:image:width\" content=\"1197\" \/>\n\t<meta property=\"og:image:height\" content=\"1211\" \/>\n\t<meta property=\"og:image:type\" content=\"image\/jpeg\" \/>\n<meta name=\"author\" content=\"Helena Dahl\" \/>\n<meta name=\"twitter:card\" content=\"summary_large_image\" \/>\n<meta name=\"twitter:label1\" content=\"\u00c9crit par\" \/>\n\t<meta name=\"twitter:data1\" content=\"Helena Dahl\" \/>\n\t<meta name=\"twitter:label2\" content=\"Dur\u00e9e de lecture estim\u00e9e\" \/>\n\t<meta name=\"twitter:data2\" content=\"5 minutes\" \/>\n<script type=\"application\/ld+json\" class=\"yoast-schema-graph\">{\"@context\":\"https:\/\/schema.org\",\"@graph\":[{\"@type\":\"WebPage\",\"@id\":\"https:\/\/helenadahl.eu\/index.php\/2019\/10\/14\/ne-pas-sidentifier-a-sa-depression\/\",\"url\":\"https:\/\/helenadahl.eu\/index.php\/2019\/10\/14\/ne-pas-sidentifier-a-sa-depression\/\",\"name\":\"Ne pas s'identifier \u00e0 sa d\u00e9pression - Des Mots pour gu\u00e9rir - H\u00e9l\u00e9na DAHL\",\"isPartOf\":{\"@id\":\"https:\/\/helenadahl.eu\/#website\"},\"datePublished\":\"2019-10-14T08:42:28+00:00\",\"dateModified\":\"2022-02-23T10:36:35+00:00\",\"author\":{\"@id\":\"https:\/\/helenadahl.eu\/#\/schema\/person\/4d69e8cf5a3c3101306d47bfcd2a656a\"},\"description\":\"Il est tr\u00e8s difficile de ne pas s'identifier \u00e0 sa d\u00e9pression. Il faut comprendre qu'il s'agit d'une maladie et que personne n'est sa maladie.\",\"breadcrumb\":{\"@id\":\"https:\/\/helenadahl.eu\/index.php\/2019\/10\/14\/ne-pas-sidentifier-a-sa-depression\/#breadcrumb\"},\"inLanguage\":\"fr-FR\",\"potentialAction\":[{\"@type\":\"ReadAction\",\"target\":[\"https:\/\/helenadahl.eu\/index.php\/2019\/10\/14\/ne-pas-sidentifier-a-sa-depression\/\"]}]},{\"@type\":\"BreadcrumbList\",\"@id\":\"https:\/\/helenadahl.eu\/index.php\/2019\/10\/14\/ne-pas-sidentifier-a-sa-depression\/#breadcrumb\",\"itemListElement\":[{\"@type\":\"ListItem\",\"position\":1,\"name\":\"Accueil\",\"item\":\"https:\/\/helenadahl.eu\/\"},{\"@type\":\"ListItem\",\"position\":2,\"name\":\"Si je suis malade, je ne suis pas ma maladie\"}]},{\"@type\":\"WebSite\",\"@id\":\"https:\/\/helenadahl.eu\/#website\",\"url\":\"https:\/\/helenadahl.eu\/\",\"name\":\"H\u00e9l\u00e9na DAHL\",\"description\":\"Des mots d&#039;\u00e9motions, des images du coeur\",\"potentialAction\":[{\"@type\":\"SearchAction\",\"target\":{\"@type\":\"EntryPoint\",\"urlTemplate\":\"https:\/\/helenadahl.eu\/?s={search_term_string}\"},\"query-input\":\"required name=search_term_string\"}],\"inLanguage\":\"fr-FR\"},{\"@type\":\"Person\",\"@id\":\"https:\/\/helenadahl.eu\/#\/schema\/person\/4d69e8cf5a3c3101306d47bfcd2a656a\",\"name\":\"Helena Dahl\",\"image\":{\"@type\":\"ImageObject\",\"inLanguage\":\"fr-FR\",\"@id\":\"https:\/\/helenadahl.eu\/#\/schema\/person\/image\/\",\"url\":\"https:\/\/secure.gravatar.com\/avatar\/078ada7494b758709d126f3767de20bea156b76a4a5db3ba5e063666079f0aa2?s=96&d=mm&r=g\",\"contentUrl\":\"https:\/\/secure.gravatar.com\/avatar\/078ada7494b758709d126f3767de20bea156b76a4a5db3ba5e063666079f0aa2?s=96&d=mm&r=g\",\"caption\":\"Helena Dahl\"},\"url\":\"https:\/\/helenadahl.eu\/index.php\/author\/admin8181\/\"}]}<\/script>\n<!-- \/ Yoast SEO plugin. -->","yoast_head_json":{"title":"Ne pas s'identifier \u00e0 sa d\u00e9pression - Des Mots pour gu\u00e9rir - H\u00e9l\u00e9na DAHL","description":"Il est tr\u00e8s difficile de ne pas s'identifier \u00e0 sa d\u00e9pression. Il faut comprendre qu'il s'agit d'une maladie et que personne n'est sa maladie.","robots":{"index":"index","follow":"follow","max-snippet":"max-snippet:-1","max-image-preview":"max-image-preview:large","max-video-preview":"max-video-preview:-1"},"canonical":"https:\/\/helenadahl.eu\/index.php\/2019\/10\/14\/ne-pas-sidentifier-a-sa-depression\/","og_locale":"fr_FR","og_type":"article","og_title":"Ne pas s'identifier \u00e0 sa d\u00e9pression - Des Mots pour gu\u00e9rir - H\u00e9l\u00e9na DAHL","og_description":"Il est tr\u00e8s difficile de ne pas s'identifier \u00e0 sa d\u00e9pression. Il faut comprendre qu'il s'agit d'une maladie et que personne n'est sa maladie.","og_url":"https:\/\/helenadahl.eu\/index.php\/2019\/10\/14\/ne-pas-sidentifier-a-sa-depression\/","og_site_name":"H\u00e9l\u00e9na DAHL","article_published_time":"2019-10-14T08:42:28+00:00","article_modified_time":"2022-02-23T10:36:35+00:00","og_image":[{"width":1197,"height":1211,"url":"https:\/\/helenadahl.eu\/wp-content\/uploads\/2019\/10\/file-5.jpeg","type":"image\/jpeg"}],"author":"Helena Dahl","twitter_card":"summary_large_image","twitter_misc":{"\u00c9crit par":"Helena Dahl","Dur\u00e9e de lecture estim\u00e9e":"5 minutes"},"schema":{"@context":"https:\/\/schema.org","@graph":[{"@type":"WebPage","@id":"https:\/\/helenadahl.eu\/index.php\/2019\/10\/14\/ne-pas-sidentifier-a-sa-depression\/","url":"https:\/\/helenadahl.eu\/index.php\/2019\/10\/14\/ne-pas-sidentifier-a-sa-depression\/","name":"Ne pas s'identifier \u00e0 sa d\u00e9pression - Des Mots pour gu\u00e9rir - H\u00e9l\u00e9na DAHL","isPartOf":{"@id":"https:\/\/helenadahl.eu\/#website"},"datePublished":"2019-10-14T08:42:28+00:00","dateModified":"2022-02-23T10:36:35+00:00","author":{"@id":"https:\/\/helenadahl.eu\/#\/schema\/person\/4d69e8cf5a3c3101306d47bfcd2a656a"},"description":"Il est tr\u00e8s difficile de ne pas s'identifier \u00e0 sa d\u00e9pression. Il faut comprendre qu'il s'agit d'une maladie et que personne n'est sa maladie.","breadcrumb":{"@id":"https:\/\/helenadahl.eu\/index.php\/2019\/10\/14\/ne-pas-sidentifier-a-sa-depression\/#breadcrumb"},"inLanguage":"fr-FR","potentialAction":[{"@type":"ReadAction","target":["https:\/\/helenadahl.eu\/index.php\/2019\/10\/14\/ne-pas-sidentifier-a-sa-depression\/"]}]},{"@type":"BreadcrumbList","@id":"https:\/\/helenadahl.eu\/index.php\/2019\/10\/14\/ne-pas-sidentifier-a-sa-depression\/#breadcrumb","itemListElement":[{"@type":"ListItem","position":1,"name":"Accueil","item":"https:\/\/helenadahl.eu\/"},{"@type":"ListItem","position":2,"name":"Si je suis malade, je ne suis pas ma maladie"}]},{"@type":"WebSite","@id":"https:\/\/helenadahl.eu\/#website","url":"https:\/\/helenadahl.eu\/","name":"H\u00e9l\u00e9na DAHL","description":"Des mots d&#039;\u00e9motions, des images du coeur","potentialAction":[{"@type":"SearchAction","target":{"@type":"EntryPoint","urlTemplate":"https:\/\/helenadahl.eu\/?s={search_term_string}"},"query-input":"required name=search_term_string"}],"inLanguage":"fr-FR"},{"@type":"Person","@id":"https:\/\/helenadahl.eu\/#\/schema\/person\/4d69e8cf5a3c3101306d47bfcd2a656a","name":"Helena Dahl","image":{"@type":"ImageObject","inLanguage":"fr-FR","@id":"https:\/\/helenadahl.eu\/#\/schema\/person\/image\/","url":"https:\/\/secure.gravatar.com\/avatar\/078ada7494b758709d126f3767de20bea156b76a4a5db3ba5e063666079f0aa2?s=96&d=mm&r=g","contentUrl":"https:\/\/secure.gravatar.com\/avatar\/078ada7494b758709d126f3767de20bea156b76a4a5db3ba5e063666079f0aa2?s=96&d=mm&r=g","caption":"Helena Dahl"},"url":"https:\/\/helenadahl.eu\/index.php\/author\/admin8181\/"}]}},"jetpack_featured_media_url":"https:\/\/helenadahl.eu\/wp-content\/uploads\/2019\/10\/file-5.jpeg","jetpack_sharing_enabled":true,"_links":{"self":[{"href":"https:\/\/helenadahl.eu\/index.php\/wp-json\/wp\/v2\/posts\/66","targetHints":{"allow":["GET"]}}],"collection":[{"href":"https:\/\/helenadahl.eu\/index.php\/wp-json\/wp\/v2\/posts"}],"about":[{"href":"https:\/\/helenadahl.eu\/index.php\/wp-json\/wp\/v2\/types\/post"}],"author":[{"embeddable":true,"href":"https:\/\/helenadahl.eu\/index.php\/wp-json\/wp\/v2\/users\/1"}],"replies":[{"embeddable":true,"href":"https:\/\/helenadahl.eu\/index.php\/wp-json\/wp\/v2\/comments?post=66"}],"version-history":[{"count":7,"href":"https:\/\/helenadahl.eu\/index.php\/wp-json\/wp\/v2\/posts\/66\/revisions"}],"predecessor-version":[{"id":2759,"href":"https:\/\/helenadahl.eu\/index.php\/wp-json\/wp\/v2\/posts\/66\/revisions\/2759"}],"wp:featuredmedia":[{"embeddable":true,"href":"https:\/\/helenadahl.eu\/index.php\/wp-json\/wp\/v2\/media\/67"}],"wp:attachment":[{"href":"https:\/\/helenadahl.eu\/index.php\/wp-json\/wp\/v2\/media?parent=66"}],"wp:term":[{"taxonomy":"category","embeddable":true,"href":"https:\/\/helenadahl.eu\/index.php\/wp-json\/wp\/v2\/categories?post=66"},{"taxonomy":"post_tag","embeddable":true,"href":"https:\/\/helenadahl.eu\/index.php\/wp-json\/wp\/v2\/tags?post=66"}],"curies":[{"name":"wp","href":"https:\/\/api.w.org\/{rel}","templated":true}]}}